{"id":848,"date":"2016-07-19T15:29:39","date_gmt":"2016-07-19T15:29:39","guid":{"rendered":"http:\/\/tacheles-solingen.de\/?p=848"},"modified":"2016-07-19T15:29:39","modified_gmt":"2016-07-19T15:29:39","slug":"leserinnenbriefe-5","status":"publish","type":"post","link":"https:\/\/tacheles-solingen.de\/?p=848","title":{"rendered":"LeserInnenbriefe"},"content":{"rendered":"<p><b><span style=\"font-family: Verdana,Arial,Helvetica;\">Hallo Kollegen und Genossinnen!<\/span><\/b><\/p>\n<p><span style=\"font-family: Verdana,Arial,Helvetica;\">Da so manche unkritisiert den Solinger Aufruf \u201cDen braunen Sumpf trockenlegen\u201d nachgedruckt haben und das gleichlautende Plakat verklebt haben, m\u00f6chte ich euch noch protestierend mitteilen, da\u00df dieser von nicht wenigen als negativ empfunden wurde.<\/span><!--more--><\/p>\n<p><span style=\"font-family: Verdana,Arial,Helvetica;\">Ich selbst wei\u00df, da\u00df einer der wesentlichen faschistischen W\u00fcnsche darin besteht, S\u00fcmpfe auszutrocknen, Fluten einzud\u00e4mmen,- \u00fcberhaupt alles Flie\u00dfende abzudichten und alles Lebendige in Gro\u00dfeinheiten erstarren zu lassen. Nachdem im Leipziger 1. Mai Aufruf den Faschisten schwarz auf wei\u00df die Soziale Frage \u00fcberlassen wurde, weil diese nicht mehr \u201cf\u00fcr uns nutzbar\u201d sei, ist diese Parole der n\u00e4chste dicke Hammer von seiten bestimmter Antifas!<\/span><\/p>\n<p><span style=\"font-family: Verdana,Arial,Helvetica;\">Wen wollt \u2018Ihr\u2019 mit dieser Faschistenmetapher hinterm Ofen herlocken!?<\/span><\/p>\n<p><span style=\"font-family: Verdana,Arial,Helvetica;\">Mu\u00df man denn Klaus Theweleits M\u00e4nnerphantasien gelesen haben, um so einen Mist nicht zu machen? -Von ca. 1931 her, wo John Harthfield in einer Fotomontage den Kanzler Papen dabei zeigt, roten Sumpf trockenzulegen, k\u00f6nnte bspw. die Sache bekannt sein.<\/span><\/p>\n<p><span style=\"font-family: Verdana,Arial,Helvetica;\">Nun hab ich in Solingen nach der Demo auch noch zu allem \u00dcberflu\u00df von einem \u00e4lteren Aktivisten geh\u00f6rt, diese M\u00e4nnerphantasie w\u00e4re von den Betreffenden\u00a0 in vollem Bewu\u00dftsein dieses Problems als Hauptaussage gew\u00e4hlt worden, das w\u00e4re f\u00fcr ihn ein Grund gewesen, die Vorbereitungen nicht mitzumachen!<\/span><\/p>\n<p><span style=\"font-family: Verdana,Arial,Helvetica;\">Ich frage mich: Was sind das denn f\u00fcr Experimente- wo soll das noch hinf\u00fchren?!<\/span><\/p>\n<p><span style=\"font-family: Verdana,Arial,Helvetica;\">Etwa da\u00df in antifaschistischen Aufrufen die Neos demn\u00e4chst Ratten und Schmei\u00dffliegen genannt werden,- als \u201cneue Taktik\u201d etwa? Das zu sagen ist \u00fcberhaupt nicht unberechtigt, da jetzt in zwei Aufrufen -der Antifa der tolle Spruch auftaucht: \u201cAlle Menschen auf die Beine &#8211; gegen die Faschistenschweine!\u201d &#8211; Mensch gegen Schwein?!<\/span><\/p>\n<p><span style=\"font-family: Verdana,Arial,Helvetica;\">Dazu sage ich mit Bert Brecht \u201cAuch der gerechte Zorn verzerrt das Gesicht\u201d, und das hei\u00dft, da das Gesicht\/der Kopf der Sitz der meisten Sinne ist, der Ha\u00df schr\u00e4nkt die Wahrnehmung ein. Doch die brauchen wir um als eine sozial fortschrittlich-k\u00e4mpferische Opposition in der Gesellschaft erfolgreich zu sein, im Gegensatz zu denen, die aus psychischen oder polit-taktischen Gr\u00fcnden nicht ohne Feind(bild) existieren k\u00f6nnen. Wir brauchen, um eine erfolgversprechende Strategie und Taktik entwickeln zu k\u00f6nnen, eine m\u00f6glichst vielseitige und tiefe Wahrnehmung der ganzen Wirklichkeit &#8211; Schlu\u00df mit dem Sektierertum!<\/span><\/p>\n<p><span style=\"font-family: Verdana,Arial,Helvetica;\">Militanz selber, ebenso wie \u201cGewaltfreiheit\u201d (beides \u00fcbert\u00fcncht mit Moralin) sind keine Strategie, aber auch keine Taktik, egal ob legal oder illegal -.<\/span><\/p>\n<p><span style=\"font-family: Verdana,Arial,Helvetica;\">Was soll denn sonst das immer wieder vorgebrachte Reden davon, da\u00df die Neofaschisten oder Rassismus zunehmend \u201caus der Mitte der Gesellschaft kommen\u201d -. Etwa um demn\u00e4chst fast alle zu Schweinen zu erkl\u00e4ren und ganz \u201cDeutschland\u201d den Krieg zu erkl\u00e4ren als RAF im Geiste und wieder \u201cBomber Harris\u201d zu rufen. -So kann man nat\u00fcrlich \u201crein\u201d werden oder bleiben, braucht nichts wesentliches zu lernen und braucht sich in \u201cder Masse\u201d nicht die Finger \u201cschmutzig\u201d zu machen-. Oder waren die betreffenden Analysen, u.a. vom Duisburger Inst. f. Sprach und Sozialforschung, ein wichtiger Hinweis dazu, wohin der mittelfristige Schwerpunkt politischer Arbeit zu legen sei? Und der besteht nicht nur im Demonstrieren mit taktischen Konzepten, die betreffs \u201cVerhindern\u201d unter aller Sau sind.<\/span><\/p>\n<p><span style=\"font-family: Verdana,Arial,Helvetica;\">Nimmt man mal den Text des Solinger Aufrufes -der \u00e4hnlich vieler anderer Aufrufe mehr einer komprimierten propagandistischen Aufkl\u00e4rungsstunde gleicht, denn einem (agitatorischen) Mittel um viele Leute mitzurei\u00dfen- so konnte ich zwar allen Einzelpunkten zustimmen. Jedoch merke ich nach und nach die Gesamthaltung: Jammer, Defensive\/ den Rechten hinterherh\u00e4ngen; nichts Positives oder Aggressives; keine entsprechenden Forderungen und auch keine Kampflosungen zu notwendigen \u201cgegen\u201d und \u201cAnti-\u201d. -Kein einziger Vorschlag an den Leser hinsichtlich der Stadtverwaltung, hinsichtlich Kissel(nazi) oder sonst etwas zu tun, wo und wie man Druck, Punk, Protest, Unterschriftensammlungen oder sonstirgendetwas auch au\u00dferhalb der angepeilten Demo machen sollte.<\/span><\/p>\n<p><span style=\"font-family: Verdana,Arial,Helvetica;\">Bei dieser Tendenz k\u00f6nnt\u2019 ich mir als Ergebnis beinahe eine religi\u00f6se Prozession, unter einem moralischen Hauptmotto vorstellen; eine solche Veranstaltung h\u00e4tte den Vorteil, sich die militanten All\u00fcren oder auch nur Attit\u00fcde sparen zu k\u00f6nnen und so vielleicht sogar mehr \u201cAufmerksamkeit\u201d erhalten, aber auch mehr innerliche Erbauung und Festigung erreichen \u2014und genauso politisch folgenlos bleiben. Oder fehlt ein bestimmter Lustgewinn??<\/span><\/p>\n<p><span style=\"font-family: Verdana,Arial,Helvetica;\">W\u00e4hrend wir den faschistisch Erregbaren m\u00f6glichst selten best\u00e4tigen sollten, da\u00df wir so \u201cgef\u00e4hrlich\u2013anders\u2013fremd\u2013schweinisch\u201d sind \u2013 angeblich \u2013, sollten wir lernen, wie der ber\u00fchmte Fisch im Wasser \u2013so im Volk\u2013 gegen den Strom zu schwimmen; aber dabei gleichzeitig gute Kr\u00e4fte rausfischen und von Vielen vor allem lernen:<\/span><\/p>\n<p><span style=\"font-family: Verdana,Arial,Helvetica;\">Und was die \u2018Militanz\u2019 anbetrifft: die hat die Linke, oder auch die Politik, nicht gerade erfunden.<\/span><\/p>\n<p><span style=\"font-family: Verdana,Arial,Helvetica;\">Mehr S\u00fcmpfe und Rot Flut!<\/span><\/p>\n<p><b><span style=\"font-family: Verdana,Arial,Helvetica;\">Achim Sch\u00fcrmann, Gelsenkirchen<\/span><\/b><\/p>\n","protected":false},"excerpt":{"rendered":"<p>Hallo Kollegen und Genossinnen! Da so manche unkritisiert den Solinger Aufruf \u201cDen braunen Sumpf trockenlegen\u201d nachgedruckt haben und das gleichlautende Plakat verklebt haben, m\u00f6chte ich euch noch protestierend mitteilen, da\u00df dieser von nicht wenigen als negativ empfunden wurde.<\/p>\n","protected":false},"author":1,"featured_media":0,"comment_status":"closed","ping_status":"open","sticky":false,"template":"","format":"standard","meta":[],"categories":[257],"tags":[168,83],"_links":{"self":[{"href":"https:\/\/tacheles-solingen.de\/index.php?rest_route=\/wp\/v2\/posts\/848"}],"collection":[{"href":"https:\/\/tacheles-solingen.de\/index.php?rest_route=\/wp\/v2\/posts"}],"about":[{"href":"https:\/\/tacheles-solingen.de\/index.php?rest_route=\/wp\/v2\/types\/post"}],"author":[{"embeddable":true,"href":"https:\/\/tacheles-solingen.de\/index.php?rest_route=\/wp\/v2\/users\/1"}],"replies":[{"embeddable":true,"href":"https:\/\/tacheles-solingen.de\/index.php?rest_route=%2Fwp%2Fv2%2Fcomments&post=848"}],"version-history":[{"count":1,"href":"https:\/\/tacheles-solingen.de\/index.php?rest_route=\/wp\/v2\/posts\/848\/revisions"}],"predecessor-version":[{"id":849,"href":"https:\/\/tacheles-solingen.de\/index.php?rest_route=\/wp\/v2\/posts\/848\/revisions\/849"}],"wp:attachment":[{"href":"https:\/\/tacheles-solingen.de\/index.php?rest_route=%2Fwp%2Fv2%2Fmedia&parent=848"}],"wp:term":[{"taxonomy":"category","embeddable":true,"href":"https:\/\/tacheles-solingen.de\/index.php?rest_route=%2Fwp%2Fv2%2Fcategories&post=848"},{"taxonomy":"post_tag","embeddable":true,"href":"https:\/\/tacheles-solingen.de\/index.php?rest_route=%2Fwp%2Fv2%2Ftags&post=848"}],"curies":[{"name":"wp","href":"https:\/\/api.w.org\/{rel}","templated":true}]}}