{"id":915,"date":"2016-09-13T17:40:47","date_gmt":"2016-09-13T17:40:47","guid":{"rendered":"http:\/\/tacheles-solingen.de\/?p=915"},"modified":"2016-09-13T17:40:47","modified_gmt":"2016-09-13T17:40:47","slug":"gemeinsam-gegen-rassistische-gewalt-in-deutschland","status":"publish","type":"post","link":"http:\/\/tacheles-solingen.de\/?p=915","title":{"rendered":"Gemeinsam gegen rassistische Gewalt in Deutschland!"},"content":{"rendered":"<p><em>Brandanschl\u00e4ge, Angriffe, Gewaltandrohungen und Einsch\u00fcchterungen: Deutschland erlebt aktuell eine drastische Zunahme rassistischer Gewalt. T\u00e4glich werden Menschen angegriffen &#8211; sei es wegen ihrer \u00e4u\u00dferen Erscheinung, ihrer angenommenen Religion oder anderer Zuschreibungen.<\/em><br \/>\n<em>2015 wurden Fl\u00fcchtlingsunterk\u00fcnfte laut offiziellen Angaben 1.031 Mal zum Ziel von Straftaten &#8211; f\u00fcnfmal so oft wie im Jahr zuvor.<\/em><!--more--><\/p>\n<p>In den wenigsten F\u00e4llen werden die Verantwortlichen f\u00fcr rassistische Gewalt zur Rechenschaft gezogen. Die deutschen Strafverfolgungsbeh\u00f6rden sind zu h\u00e4ufig nicht in der Lage, rassistische Straftaten als solche zu erkennen und effektiv zu ermitteln. In vielen F\u00e4llen vernachl\u00e4ssigt die Polizei rassistische Motive und erfasst sie beispielsweise lediglich als sogenannte Gewaltdelikte.<br \/>\nEin extremer Fall ist die Mordserie des sogenannten Nationalsozialistischen Untergrunds (NSU). Jahrelang hatten die Ermittlungsbeh\u00f6rden rassistische Motive unbeachtet gelassen und Verwandte der Opfer wie Tatverd\u00e4chtige behandelt. Amnesty International sieht darin deutliche Anzeichen f\u00fcr institutionellen Rassismus.<\/p>\n<p>Das muss ein Ende haben! Rassistische Gewalt und Diskriminierung m\u00fcssen gestoppt werden! Denn jede rassistische Tat ist ein Angriff auf den Kern der Menschenrechte: die Gleichheit aller Menschen. Alle Menschen in Deutschland m\u00fcssen sich sicher f\u00fchlen k\u00f6nnen \u2013 egal woher sie kommen, welcher Religion sie angeh\u00f6ren oder wie sie aussehen. Deshalb hat Amnesty International im Juni 2016 eine Kampagne gegen rassistische Gewalt in Deutschland gestartet.<\/p>\n<p style=\"text-align: center;\">\n<strong>Werden Sie aktiv!<\/strong><\/p>\n<p>Unterzeichnen Sie unsere Online-Petition an den Bundesinnenminister und die Innenminister und \u2013senatoren der L\u00e4nder und setzen Sie sich daf\u00fcr ein, dass Menschen in Deutschland vor rassistischer Gewalt gesch\u00fctzt werden!<\/p>\n<p>Helmut Eckermann<\/p>\n<p>&nbsp;<\/p>\n<blockquote><p>Sehr geehrte Innenminister und -senatoren der L\u00e4nder, sehr geehrter Herr Bundesinnenminister,<\/p>\n<p>wir erleben in Deutschland derzeit eine drastische Zunahme rassistischer Gewalt. T\u00e4glich werden Menschen angegriffen. Im vergangenen Jahr waren Fl\u00fcchtlingsunterk\u00fcnfte laut offiziellen Angaben 1.031 Mal Ziel von Straftaten \u2013 f\u00fcnf Mal so h\u00e4ufig wie im Jahr zuvor.<br \/>\nEin Grund daf\u00fcr liegt im jahrzehntelangen Versagen von Politik und Beh\u00f6rden, rassistische Taten zu erkennen und effektiv zu ermitteln. So wurden z. B. nach den Morden des sogenannten NSU beharrlich rassistische Motive ausgeschlossen und die Verwandten der Opfer wie Tatverd\u00e4chtige behandelt \u2013 ein deutliches Anzeichen f\u00fcr institutionellen Rassismus in deutschen Sicherheitsbeh\u00f6rden.<br \/>\nRassistische Taten werden h\u00e4ufig als einfache Gewaltdelikte erfasst, u.a. weil die Einsch\u00e4tzung der Betroffenen nicht festgehalten wird. Die verheerende Konsequenz: Das Ausma\u00df rassistischer Gewalt wird nicht erkannt. Es werden daher keine angemessenen Ma\u00dfnahmen ergriffen, um von Rassismus betroffene Menschen besser zu sch\u00fctzen.<br \/>\nDaher fordern wir von Ihnen,<br \/>\n\u2022 ein bundesweites Rahmenkonzept zum Schutz von Fl\u00fcchtlingsunterk\u00fcnften vor rassistischen Angriffen zu vereinbaren,<br \/>\n\u2022 eine unabh\u00e4ngige Untersuchung einzuleiten, inwieweit institutioneller Rassismus in der Polizei die Ermittlungen zu rassistischen Straftaten behindert,<br \/>\n\u2022 die Beh\u00f6rden bei der Ermittlung von Straftaten dazu zu verpflichten, rassistische Motive zu pr\u00fcfen und die Perspektive der Betroffenen zu erfassen.<\/p><\/blockquote>\n<p><a href=\"http:\/\/action.amnesty.de\/l\/ger\/p\/dia\/action3\/common\/public\/?action_KEY=10342&amp;d=1\">http:\/\/action.amnesty.de\/l\/ger\/p\/dia\/action3\/common\/public\/?action_KEY=10342&amp;d=1<\/a><\/p>\n","protected":false},"excerpt":{"rendered":"<p>Brandanschl\u00e4ge, Angriffe, Gewaltandrohungen und Einsch\u00fcchterungen: Deutschland erlebt aktuell eine drastische Zunahme rassistischer Gewalt. T\u00e4glich werden Menschen angegriffen &#8211; sei es wegen ihrer \u00e4u\u00dferen Erscheinung, ihrer angenommenen Religion oder anderer Zuschreibungen. 2015 wurden Fl\u00fcchtlingsunterk\u00fcnfte laut offiziellen Angaben 1.031 Mal zum Ziel &hellip; <a href=\"http:\/\/tacheles-solingen.de\/?p=915\">Weiterlesen <span class=\"meta-nav\">&rarr;<\/span><\/a><\/p>\n","protected":false},"author":1,"featured_media":0,"comment_status":"closed","ping_status":"open","sticky":false,"template":"","format":"standard","meta":[],"categories":[292],"tags":[280,144,212],"_links":{"self":[{"href":"http:\/\/tacheles-solingen.de\/index.php?rest_route=\/wp\/v2\/posts\/915"}],"collection":[{"href":"http:\/\/tacheles-solingen.de\/index.php?rest_route=\/wp\/v2\/posts"}],"about":[{"href":"http:\/\/tacheles-solingen.de\/index.php?rest_route=\/wp\/v2\/types\/post"}],"author":[{"embeddable":true,"href":"http:\/\/tacheles-solingen.de\/index.php?rest_route=\/wp\/v2\/users\/1"}],"replies":[{"embeddable":true,"href":"http:\/\/tacheles-solingen.de\/index.php?rest_route=%2Fwp%2Fv2%2Fcomments&post=915"}],"version-history":[{"count":1,"href":"http:\/\/tacheles-solingen.de\/index.php?rest_route=\/wp\/v2\/posts\/915\/revisions"}],"predecessor-version":[{"id":916,"href":"http:\/\/tacheles-solingen.de\/index.php?rest_route=\/wp\/v2\/posts\/915\/revisions\/916"}],"wp:attachment":[{"href":"http:\/\/tacheles-solingen.de\/index.php?rest_route=%2Fwp%2Fv2%2Fmedia&parent=915"}],"wp:term":[{"taxonomy":"category","embeddable":true,"href":"http:\/\/tacheles-solingen.de\/index.php?rest_route=%2Fwp%2Fv2%2Fcategories&post=915"},{"taxonomy":"post_tag","embeddable":true,"href":"http:\/\/tacheles-solingen.de\/index.php?rest_route=%2Fwp%2Fv2%2Ftags&post=915"}],"curies":[{"name":"wp","href":"https:\/\/api.w.org\/{rel}","templated":true}]}}