{"id":907,"date":"2016-09-13T17:19:32","date_gmt":"2016-09-13T17:19:32","guid":{"rendered":"http:\/\/tacheles-solingen.de\/?p=907"},"modified":"2016-09-13T17:20:43","modified_gmt":"2016-09-13T17:20:43","slug":"wir-verurteilen-den-militaerputsch-wir-wollen-keine-erdogan-diktatur","status":"publish","type":"post","link":"http:\/\/tacheles-solingen.de\/?p=907","title":{"rendered":"Wir verurteilen den Milit\u00e4rputsch \u2013 wir wollen keine Erdogan-Diktatur"},"content":{"rendered":"<p><em>Der Putschversuch vom 15.07.2016 forderte viele Todesopfer. <\/em><br \/>\n<em>Im Nachhinein erhielt man den Eindruck, dass es nicht auszuschlie\u00dfen ist, dass der gescheiterte Putschversuch von Erdogan und seinem Geheimdienst zun\u00e4chst stillschweigend geduldet und genutzt wurde, um die Rivalen der G\u00fclen-Anh\u00e4nger aus den \u00c4mtern entlassen zu k\u00f6nnen.<\/em> <!--more--><br \/>\nDiesen Putschversuch nutzte Erdogan, um die Demokraten, die seit Jahren auch gegen die G\u00fclen-Bewegung gek\u00e4mpft haben, zu verhaften. Die Unterdr\u00fcckung der demokratischen und kurdischen Bev\u00f6lkerung nimmt immer mehr zu. Die Unterdr\u00fcckung und Verhaftung von demokratischen Oppositionellen auf allen Ebenen hat erschreckende Parallelen zur Wegbereitung in den Nationalsozialismus zum Ende der Weimarer Republik.<\/p>\n<p>Amnesty International berichtete am 28.07.2016: \u201eGegen 89 Journalistinnen und Journalisten wurde in den vergangenen Tagen Haftbefehl erlassen, Dutzende Medienh\u00e4user, Zeitungen, TV- und Radiostationen wurden geschlossen. Regierungsvertreterinnen und -vertreter best\u00e4tigten am Mittwoch, dem 27.7.2016, eine Verf\u00fcgung, die die Schliessung von insgesamt 45 Zeitungen, 16 Fernsehsendern, 23 Radiosendern, 15 Zeitschriften, 29 Verlagsh\u00e4user und drei Nachrichtenagenturen vorsieht.\u201c<\/p>\n<p>Am 16.08.2016 haben die Sicherheitskr\u00e4fte den prokurdischen Zeitungsverlag \u00d6zg\u00fcr G\u00fcndem gest\u00fcrmt, die Druckerei zerst\u00f6rt und 23 Journalisten in Gewahrsam genommen.<br \/>\nDie Kurdische Tageszeitung \u201eAzadiya Welat\u201c wurde am 28.08.2016 von der Polizei gest\u00fcrmt. Dabei wurden 25 Journalisten verhaften und der Zeitungsverlag geschlossen.<br \/>\nDie Unterdr\u00fcckung der kurdischen Bev\u00f6lkerung spitzt sich immer weiter zu. Nach den Zerst\u00f6rungen der, bzw. in den von Kurden bewohnten St\u00e4dten Cizre, Silopi, Diyarbakir-Sur, Nusaybin und Silvan herrscht dort weiterhin der Ausnahmezustand.<\/p>\n<p>Das Ziel der Erdogan Regierung ist unter anderem die Unterwerfung des kurdischen Volkes. Wer sich nicht unterwirft, soll vernichtet werden. Der j\u00fcngste Einmarsch in Syrien richtete sich nicht \u2013 wie behauptet \u2013 gegen die IS Verbrecher, sondern gegen die Kurden, indem die t\u00fcrkische Armee mit Dschihadisten zusammen k\u00e4mpft.<\/p>\n<p>Wir m\u00fcssen leider feststellen, dass auch hier in Deutschland die islamistischen AKP-Anh\u00e4nger die unmenschlichen, antidemokratischen Zust\u00e4nde in der T\u00fcrkei unterst\u00fctzen und diese auch durch die deutsche Regierung geduldet werden. Es gibt Angriffe und Drohungen von AKP-Anh\u00e4ngern in Deutschland auf in Deutschland lebende Personen und Einrichtungen.<\/p>\n<p>In den Ansprachen der UETD, die als Auslandsvertretung der AKP agiert, spricht diese angeblich \u201eF\u00fcr die aus der T\u00fcrkei stammenden Menschen\u201c. Die UETD kann nur f\u00fcr ihre islamistischen Anh\u00e4nger sprechen und nicht f\u00fcr die gesamte t\u00fcrkische Bev\u00f6lkerung. Ein Gro\u00dfteil der hier lebenden t\u00fcrkischst\u00e4mmigen Menschen sind gegen die islamistisch-diktatorische AKP-Regierung sowie gegen den Putschversuch und den Diktator Erdogan.<\/p>\n<p>Fethullah G\u00fclen organisiert sich seit \u00fcber 40 Jahren in der T\u00fcrkei und lebt seit l\u00e4ngerer Zeit in den USA. G\u00fclen ist weltweit durch die von ihm erbauten Privatschulen gut vernetzt und in vielen wichtigen \u00c4mtern, wie z.B. im Bildungsministerium, Polizeiapparat, Sicherheitsdienst, Geheimdienst, Finanzsektor, Armee gut organisiert. Die ganze Organisationsstruktur wurde w\u00e4hrend der Erdogan Regierung noch st\u00e4rker aufgebaut und bekam die volle Unterst\u00fctzung der Regierung.<\/p>\n<p>Nach dem Zeitraum vom 17.12.2016 bis zum 25.12.2016 (Korruptionsvorw\u00fcrfe gegen Erdogan und seine Minister) gab es einen Machtkampf zwischen den Verb\u00fcndeten Erdogan und G\u00fclen, welcher sie zu Feinden machte. Dieser Machtkampf zwischen diesen beiden antidemokratischen Kr\u00e4ften sollte nicht dazu genutzt werden, die Demokraten und die Antifaschisten unter Druck zu setzen.<\/p>\n<p><em><strong>Wir wollen eine T\u00fcrkei ohne Putschisten und ohne Diktator. <\/strong><\/em><br \/>\n<em><strong>Wir wollen eine demokratische T\u00fcrkei, in der alle Menschen frei sind. <\/strong><\/em><br \/>\n<em><strong>Keine Todesstrafe, keine Folter, keine Menschenrechtsverletzungen. <\/strong><\/em><br \/>\n<em><strong>Stoppt die polizeiliche und milit\u00e4rische Zusammenarbeit von Deutschland mit der Erdogan-Regierung.<\/strong><\/em><\/p>\n<p>T\u00fcrkischer Volksverein Solingen e.V.,<\/p>\n<p>Alevitische Kultur Gemeinde Solingen e. V.,<\/p>\n<p>Solinger Appell \u2013 Forum gegen Krieg und Rassismus.<\/p>\n","protected":false},"excerpt":{"rendered":"<p>Der Putschversuch vom 15.07.2016 forderte viele Todesopfer. Im Nachhinein erhielt man den Eindruck, dass es nicht auszuschlie\u00dfen ist, dass der gescheiterte Putschversuch von Erdogan und seinem Geheimdienst zun\u00e4chst stillschweigend geduldet und genutzt wurde, um die Rivalen der G\u00fclen-Anh\u00e4nger aus den &hellip; <a href=\"http:\/\/tacheles-solingen.de\/?p=907\">Weiterlesen <span class=\"meta-nav\">&rarr;<\/span><\/a><\/p>\n","protected":false},"author":1,"featured_media":0,"comment_status":"closed","ping_status":"open","sticky":false,"template":"","format":"standard","meta":[],"categories":[292],"tags":[298,297,49],"_links":{"self":[{"href":"http:\/\/tacheles-solingen.de\/index.php?rest_route=\/wp\/v2\/posts\/907"}],"collection":[{"href":"http:\/\/tacheles-solingen.de\/index.php?rest_route=\/wp\/v2\/posts"}],"about":[{"href":"http:\/\/tacheles-solingen.de\/index.php?rest_route=\/wp\/v2\/types\/post"}],"author":[{"embeddable":true,"href":"http:\/\/tacheles-solingen.de\/index.php?rest_route=\/wp\/v2\/users\/1"}],"replies":[{"embeddable":true,"href":"http:\/\/tacheles-solingen.de\/index.php?rest_route=%2Fwp%2Fv2%2Fcomments&post=907"}],"version-history":[{"count":1,"href":"http:\/\/tacheles-solingen.de\/index.php?rest_route=\/wp\/v2\/posts\/907\/revisions"}],"predecessor-version":[{"id":908,"href":"http:\/\/tacheles-solingen.de\/index.php?rest_route=\/wp\/v2\/posts\/907\/revisions\/908"}],"wp:attachment":[{"href":"http:\/\/tacheles-solingen.de\/index.php?rest_route=%2Fwp%2Fv2%2Fmedia&parent=907"}],"wp:term":[{"taxonomy":"category","embeddable":true,"href":"http:\/\/tacheles-solingen.de\/index.php?rest_route=%2Fwp%2Fv2%2Fcategories&post=907"},{"taxonomy":"post_tag","embeddable":true,"href":"http:\/\/tacheles-solingen.de\/index.php?rest_route=%2Fwp%2Fv2%2Ftags&post=907"}],"curies":[{"name":"wp","href":"https:\/\/api.w.org\/{rel}","templated":true}]}}