{"id":666,"date":"2016-07-04T10:57:28","date_gmt":"2016-07-04T10:57:28","guid":{"rendered":"http:\/\/tacheles-solingen.de\/?p=666"},"modified":"2016-07-04T10:57:28","modified_gmt":"2016-07-04T10:57:28","slug":"chronolgie-faschistischer-aktivitaeten-im-raum-solingen-langenfeld-leverkusen-1997","status":"publish","type":"post","link":"http:\/\/tacheles-solingen.de\/?p=666","title":{"rendered":"Chronolgie faschistischer Aktivit\u00e4ten im Raum Solingen &#8211; Langenfeld &#8211; Leverkusen 1997"},"content":{"rendered":"<p><strong><span style=\"font-family: Verdana,Arial,Helvetica;\">20.02. \u201897<\/span> <\/strong><br \/>\n<span style=\"font-family: Verdana,Arial,Helvetica;\">Der stellvertretende NPD- Landesvorsitzende Wolfgang Frenz aus Solingen l\u00e4dt zu einem NPD-Stammtisch in eine Gastst\u00e4tte in Solingen-Gr\u00e4frath ein. Dank des Erscheinens zahlreicher Antifas konnte der Stammtisch schon im Vorfeld verhindert werden. Neben NPD- Mitgliedern waren auch militante Neonazis anwesend, wie z.B. der wegen rassistisch motivierten Gewalttaten vorbestrafte Nazi-Skin Andre Everts.<\/span><!--more--><strong><span style=\"font-family: Verdana,Arial,Helvetica;\">21.02. \u201897<\/span> <\/strong><br \/>\n<span style=\"font-family: Verdana,Arial,Helvetica;\">Eine Gruppe von 8-10 Naziskins zieht durch die Solinger Innenstadt, treffen auf zwei Antifas und verletzen einen von ihnen.<\/span><b><\/b><\/p>\n<p><strong><span style=\"font-family: Verdana,Arial,Helvetica;\">1.03. \u201897<\/span> <\/strong><br \/>\n<span style=\"font-family: Verdana,Arial,Helvetica;\">Schl\u00e4gerei zwischen Neo-Nazis und italienischen Jugendlichen am Busbahnhof in SG-Aufderh\u00f6he. Alle Beteiligten fl\u00fcchten beim Eintreffen der Polizei.<\/span><\/p>\n<p><strong><span style=\"font-family: Verdana,Arial,Helvetica;\">7.03. \u201897<\/span> <\/strong><br \/>\n<span style=\"font-family: Verdana,Arial,Helvetica;\">Etwa 30 Faschos versuchen eine Party in SG-Gr\u00e4frath aufzumischen. Nach Eintreffen der Polizei ziehen sie wieder ab.<\/span><\/p>\n<p><strong><span style=\"font-family: Verdana,Arial,Helvetica;\">1.05. \u201897<\/span> <\/strong><br \/>\n<span style=\"font-family: Verdana,Arial,Helvetica;\">W\u00e4hrend einer 1. Mai-Disco im Sportpark \u201dToscana\u201d in Leichlingen kommt es zu einer Schl\u00e4gerei zwischen Neo-Nazis aus Leverkusen und Leichlingen und ausl\u00e4ndischen Jugendlichen. Dabei werden einige der Nazis verletzt.<\/span><\/p>\n<p><strong><span style=\"font-family: Verdana,Arial,Helvetica;\">13.04. \u201897<\/span> <\/strong><br \/>\n<span style=\"font-family: Verdana,Arial,Helvetica;\">Etwa 12 Nazi-Skins versuchen bei einer antifaschistischen Gedenkfeier zu provozieren. Bei dieser Gedenkfeier in der Wenzelnbergschlucht zwischen Langenfeld und Solingen wird j\u00e4hrlich der 73 Opfer gedacht, die kurz vor Kriegsende von der Gestapo an dieser Stelle ermordet wurden. Nachdem es zwischen den Nazi-Skins und etwa gleich vielen Antifas zu Rangeleien gekommen war, wurden weitere Auseinandersetzungen von der Polizei verhindert. Die Nazis zogen nach Platzverweisen ab.<\/span><\/p>\n<p><strong><span style=\"font-family: Verdana,Arial,Helvetica;\">24.05. \u201897<\/span> <\/strong><br \/>\n<span style=\"font-family: Verdana,Arial,Helvetica;\">30 Neo Nazis machen Party in der einschl\u00e4gig bekannten Kneipe \u201dB\u00fcrgerbr\u00e4u\u201d in H\u00f6hscheid. Der \u201dB\u00fcrgerbr\u00e4u\u201d ist seit Jahren als Anlaufpunkt Faschisten jeglicher Couleur bekannt. Schon 1983 versuchten die Reps in der Kneipe einen Kreisverband zu gr\u00fcnden, was jedoch an antifaschistischen Aktionen scheiterte.<\/span><\/p>\n<p><strong><span style=\"font-family: Verdana,Arial,Helvetica;\">31.05. \u201897<\/span> <\/strong><br \/>\n<span style=\"font-family: Verdana,Arial,Helvetica;\">Rechtsextreme Spr\u00fchereien in SG-Gr\u00e4frath<\/span><\/p>\n<p><strong><span style=\"font-family: Verdana,Arial,Helvetica;\">21.06. \u201897<\/span> <\/strong><br \/>\n<span style=\"font-family: Verdana,Arial,Helvetica;\">Eine Gruppe Nazi-Skins versucht eine Abi-Fete im Stadtsaal SG-Wald aufzumischen. Ihr Vorhaben scheitert an der konsequenten Gegenwehr ausl\u00e4ndischer Jugendlicher.<\/span><\/p>\n<p><strong><span style=\"font-family: Verdana,Arial,Helvetica;\">20.07. \u201897<\/span> <\/strong><br \/>\n<span style=\"font-family: Verdana,Arial,Helvetica;\">Drei Nazi-Skins schlagen im Naherholungsgebiet am Engelsberger Hof in SG-Ohligs einen \u00e4lteren italienischen Mann zusammen. Die Nazis k\u00f6nnen unerkannt fl\u00fcchten.<\/span><\/p>\n<p><strong><span style=\"font-family: Verdana,Arial,Helvetica;\">16.08. \u201897<\/span> <\/strong><br \/>\n<span style=\"font-family: Verdana,Arial,Helvetica;\">Auf Einladung des Mitbegr\u00fcnders und Bundesgesch\u00e4ftsf\u00fchrers der \u201dAktionsgemeinschaft Deutscher Interessen\u201d (ADI), Bernd Koch aus Solingen, kommt es anl\u00e4\u00dflich der \u201dRudolph-He\u00df-Aktionswoche\u201d zu einem Nazitreffen von etwa 30-40 Personen in Solingen in Solingen-Ohligs. Knapp 40 der etwa 60 Antifas, die das Treffen verhindern wollen, wurden festgenommen.<\/span><\/p>\n<p><strong><span style=\"font-family: Verdana,Arial,Helvetica;\">30.08. \u201897<\/span> <\/strong><br \/>\n<span style=\"font-family: Verdana,Arial,Helvetica;\">Massenschl\u00e4gerei mit etwa 100 Beteiligten vor dem Kulturzentrum \u201dCobra\u201d in SG-Merscheid. Anstifter der Auseinandersetzung waren mehrere Nazi-Skins. Erst nach Stunden bekommt ein Gro\u00dfaufgebot der Polizei die Situation unter Kontrolle.<\/span><\/p>\n<p><strong><span style=\"font-family: Verdana,Arial,Helvetica;\">August \u201897<\/span> <\/strong><br \/>\n<span style=\"font-family: Verdana,Arial,Helvetica;\">In SG- Ohligs kommt es mehrfach zu Auseinandersetzungen zwischen italienischen Jugendlichen und Neo-Nazis<\/span><\/p>\n<p><strong><span style=\"font-family: Verdana,Arial,Helvetica;\">10.09. \u201897<\/span> <\/strong><br \/>\n<span style=\"font-family: Verdana,Arial,Helvetica;\">Eine Gruppe Nazi-Skins schl\u00e4gt in Langenfeld einen t\u00fcrkischen Jugendlichen zusammnen und brechen ihm das Nasenbein.<\/span><\/p>\n<p><strong><span style=\"font-family: Verdana,Arial,Helvetica;\">12.09. \u201897<\/span> <\/strong><br \/>\n<span style=\"font-family: Verdana,Arial,Helvetica;\">Auseinandersetzung zwischen Neo-Nazis und Bosniern an der Discothek \u201dGetaway\u201d in SG-Ohligs.<\/span><\/p>\n<p><strong><span style=\"font-family: Verdana,Arial,Helvetica;\">20.09. \u201897<\/span> <\/strong><br \/>\n<span style=\"font-family: Verdana,Arial,Helvetica;\">Schl\u00e4gerei zwischen Neo-Nazis auf dem McDonalds-Parkplatz in Mon-heim -Baumberg<\/span><b><\/b><\/p>\n<p><strong><span style=\"font-family: Verdana,Arial,Helvetica;\">September \u201897<\/span> <\/strong><br \/>\n<span style=\"font-family: Verdana,Arial,Helvetica;\">Zahlreiche deutschnationale, rassistische und antisemitische Spr\u00fchereien in Langenfeld-Wiescheid<\/span><\/p>\n<p><strong><span style=\"font-family: Verdana,Arial,Helvetica;\">27.09. \u201897<\/span> <\/strong><br \/>\n<span style=\"font-family: Verdana,Arial,Helvetica;\">Etwa 10 Neo-Nazis machen ein Lagerfeuer unterhalb der Unteren-Werner-Stra\u00dfe in Solingen, wo am 29.05. \u201893 f\u00fcnf Frauen und Kinder nach einem rassistischen Brandanschlag ums Leben kamen, und skandieren rechtsextreme Parolen und Lieder.<\/span><\/p>\n<p><strong><span style=\"font-family: Verdana,Arial,Helvetica;\">9.11. \u201897<\/span> <\/strong><br \/>\n<span style=\"font-family: Verdana,Arial,Helvetica;\">Bei einer Diskussionsveranstaltung des Verein \u201dSOS-Rassismus\u201d im Stadtsaal in SG-Ohligs kommt es zu massiven St\u00f6rversuchen angereister NPD- Kader. Thema der Veranstaltung war die Begnadigung des Solinger KZ-Aufsehers und mehrfachen Nazim\u00f6rders Gottfried Weise.<\/span><\/p>\n<p><strong><span style=\"font-family: Verdana,Arial,Helvetica;\">28.11. \u201897<\/span> <\/strong><br \/>\n<span style=\"font-family: Verdana,Arial,Helvetica;\">Schl\u00e4gerei zwischen acht Nazi-Skins und t\u00fcrkischen Jugendlichen in SG-Merscheid.<\/span><br \/>\n<span style=\"font-family: Verdana,Arial,Helvetica;\">Etwa 15 mit Baseball-Schl\u00e4gern und Gaspistolen bewaffnete Nazi-Skins randalieren in SG-Wald. Dabei werden mehrere PKW besch\u00e4digt. Eintreffende Polizisten werden angegriffen und beschossen. Es kommt zu ca. 10 Festnahmen.<\/span><\/p>\n<p><strong><span style=\"font-family: Verdana,Arial,Helvetica;\">29.11. \u201897<\/span> <\/strong><br \/>\n<span style=\"font-family: Verdana,Arial,Helvetica;\">Ca. 25 Faschos machen Stre\u00df auf einer Party in SG- Aufderh\u00f6he. Mehrere werden festgenommen.<\/span><\/p>\n<p><strong><span style=\"font-family: Verdana,Arial,Helvetica;\">6.12. \u201897<\/span> <\/strong><br \/>\n<span style=\"font-family: Verdana,Arial,Helvetica;\">10 Nazi-Skins randalieren an einem \u00dcbergangsheim in SG-Gr\u00e4frath<\/span><\/p>\n<p><strong><span style=\"font-family: Verdana,Arial,Helvetica;\">19.12. \u201897<\/span> <\/strong><br \/>\n<span style=\"font-family: Verdana,Arial,Helvetica;\">Etwa 40 Neo-Nazis aus ganz NRW treffen sich in einer Kneipe in SG-Ohligs. Ein Gastst\u00e4ttenbesucher wird von mehreren anwesenden Nazis zusammengeschlagen und erleidet schwerste Verletzungen. Die T\u00e4ter werden festgenommen und am gleichen Abend freigelassen. Die Ermittlungsbeh\u00f6rden sehen keinen rechtsradikalen Hintergrund obwohl einschl\u00e4giges Material bei den Neo-Nazis gefunden wurde.<\/span><\/p>\n<p><strong><span style=\"font-family: Verdana,Arial,Helvetica;\">27.12. \u201897<\/span> <\/strong><br \/>\n<span style=\"font-family: Verdana,Arial,Helvetica;\">In SG-Krahenh\u00f6he fallen Nazi-Skins durch rechtsextremes Gegr\u00f6le auf.<\/span><\/p>\n<p><span style=\"font-family: Verdana,Arial,Helvetica;\">Weitere informationen:<b> Antifa Bergisches Rheinland<\/b>, Postfach 100931, 42609 Solingen<\/span><\/p>\n","protected":false},"excerpt":{"rendered":"<p>20.02. \u201897 Der stellvertretende NPD- Landesvorsitzende Wolfgang Frenz aus Solingen l\u00e4dt zu einem NPD-Stammtisch in eine Gastst\u00e4tte in Solingen-Gr\u00e4frath ein. Dank des Erscheinens zahlreicher Antifas konnte der Stammtisch schon im Vorfeld verhindert werden. Neben NPD- Mitgliedern waren auch militante Neonazis &hellip; <a href=\"http:\/\/tacheles-solingen.de\/?p=666\">Weiterlesen <span class=\"meta-nav\">&rarr;<\/span><\/a><\/p>\n","protected":false},"author":1,"featured_media":0,"comment_status":"closed","ping_status":"open","sticky":false,"template":"","format":"standard","meta":[],"categories":[153],"tags":[79,167,166,165,144,24,5],"_links":{"self":[{"href":"http:\/\/tacheles-solingen.de\/index.php?rest_route=\/wp\/v2\/posts\/666"}],"collection":[{"href":"http:\/\/tacheles-solingen.de\/index.php?rest_route=\/wp\/v2\/posts"}],"about":[{"href":"http:\/\/tacheles-solingen.de\/index.php?rest_route=\/wp\/v2\/types\/post"}],"author":[{"embeddable":true,"href":"http:\/\/tacheles-solingen.de\/index.php?rest_route=\/wp\/v2\/users\/1"}],"replies":[{"embeddable":true,"href":"http:\/\/tacheles-solingen.de\/index.php?rest_route=%2Fwp%2Fv2%2Fcomments&post=666"}],"version-history":[{"count":1,"href":"http:\/\/tacheles-solingen.de\/index.php?rest_route=\/wp\/v2\/posts\/666\/revisions"}],"predecessor-version":[{"id":667,"href":"http:\/\/tacheles-solingen.de\/index.php?rest_route=\/wp\/v2\/posts\/666\/revisions\/667"}],"wp:attachment":[{"href":"http:\/\/tacheles-solingen.de\/index.php?rest_route=%2Fwp%2Fv2%2Fmedia&parent=666"}],"wp:term":[{"taxonomy":"category","embeddable":true,"href":"http:\/\/tacheles-solingen.de\/index.php?rest_route=%2Fwp%2Fv2%2Fcategories&post=666"},{"taxonomy":"post_tag","embeddable":true,"href":"http:\/\/tacheles-solingen.de\/index.php?rest_route=%2Fwp%2Fv2%2Ftags&post=666"}],"curies":[{"name":"wp","href":"https:\/\/api.w.org\/{rel}","templated":true}]}}