{"id":1068,"date":"2017-03-21T16:39:12","date_gmt":"2017-03-21T16:39:12","guid":{"rendered":"http:\/\/tacheles-solingen.de\/?p=1068"},"modified":"2017-03-21T16:40:24","modified_gmt":"2017-03-21T16:40:24","slug":"der-trampel","status":"publish","type":"post","link":"http:\/\/tacheles-solingen.de\/?p=1068","title":{"rendered":"Der Trampel"},"content":{"rendered":"<p style=\"text-align: center;\"><strong>\u201eEs war ein Fehler, ich habe nicht richtig nachgedacht\u201c<\/strong><br \/>\n<strong>(Trump W\u00e4hler nach der Wahl)<\/strong><\/p>\n<p style=\"text-align: left;\"><strong>Mit der Wahl am 8. November 2016 haben sich die US-B\u00fcrger f\u00fcr einen Mann ihres Vertrauens ausgesprochen der sie schwer entt\u00e4uschen wird.<\/strong> <!--more--><\/p>\n<p style=\"text-align: left;\">Und es wirft auch ein Licht auf das amerikanische Wahlsystem, das zum einen vom wei\u00dfen Geld-Adel dominiert wird, zum anderen auf das l\u00e4ngst \u00fcberholte Wahlm\u00e4nnersystem, das noch aus der Fr\u00fchzeit der US-Geschichte stammt. Der Wahlkampf war ein Trauerspiel f\u00fcr jede Demokratie. Die eine erstickte an ihrer Political Correctness und email-Analpha\u00adbetentum. Der andere trampelt auf allen rum was amerikanische Geschichte und Demo\u00adkratie ausmacht und wird bejubelt. Keine Minorit\u00e4t die nicht beschimpfte wurde. H\u00e4tte er gesagt er w\u00fcrde die Sklaverei wieder einf\u00fchren sie h\u00e4tten immer noch gejubelt.<br \/>\nAcht Jahre Obama Regierung wurden mal ebenso weggewischt. In dieser Stimmung kommt das Nobel Preiskomitee daher und verleiht einem Bob Dylan den Literatur Nobelpreis. Als m\u00fc\u00dfte man nochmal einmal ein Schlaglicht darauf werfen dass, es noch ein anderes Amerika gibt.<br \/>\nAls Vorgeschmack darauf was er von seinen W\u00e4hlern h\u00e4lt, lie\u00df er noch vor seiner Amts\u00adeinf\u00fchrung die von Obama eingef\u00fchrte Gesundheitsreform \u201eObamacare\u201c zusammenstreichen und unterschrieb sie noch am Tag seiner Amtseinf\u00fchrung. Nicht anders wird es dem Klimaschutz ergehen.<br \/>\nWas f\u00fcr ihn Amerika ist, zeigt sich im seinem Regierungskabinett das \u00fcberwiegend aus Milit\u00e4rs und Milliard\u00e4ren besteht, fast alle ohne wesentliche Politik Erfahrung so wie er selbst.<br \/>\nTrump wird Politik f\u00fcr Trump machen, Kriegsl\u00fcstern wie Busch, R\u00fcstungs-Wahn\u00adsinnig wie Reagan, Kriminell wie Nixon und am Ende aus dem Amt Gejagt wie Nixon oder ermordet wie Kennedy?<br \/>\nDass so ein Mann Europa nicht mag, zeigt nur zu deutlich das er nichts von der Euro\u00adp\u00e4ischen Gegenwarts Geschichte des Zwanzigsten Jahrhunderts verstanden hat. Genauso wie die Europ\u00e4ischen Rechts Populisten. W\u00e4hrend Trump mit Europa nach dem Motto verfahren m\u00f6chte \u201eSpalte und Herrsche\u201c, wollen die anderen das Rad der Geschichte zur\u00fcckdrehen. Zur\u00fcck in eine Zeit von Nationalstaaten wie 1914 und aufwachen werden Sie im einen zweiten 1945. Staaten haben noch nie aus sich heraus alleine existieren k\u00f6nnen. Abschottung ist der erste Schritt zum Verlust eigenen Identit\u00e4t.<\/p>\n<p style=\"text-align: left;\"><img loading=\"lazy\" class=\"aligncenter size-large wp-image-1070\" src=\"http:\/\/tacheles-solingen.de\/wp-content\/uploads\/2017\/03\/66_seite-10-1024x576.jpg\" alt=\"\" width=\"584\" height=\"329\" srcset=\"http:\/\/tacheles-solingen.de\/wp-content\/uploads\/2017\/03\/66_seite-10-1024x576.jpg 1024w, http:\/\/tacheles-solingen.de\/wp-content\/uploads\/2017\/03\/66_seite-10-300x169.jpg 300w, http:\/\/tacheles-solingen.de\/wp-content\/uploads\/2017\/03\/66_seite-10-768x432.jpg 768w, http:\/\/tacheles-solingen.de\/wp-content\/uploads\/2017\/03\/66_seite-10-500x281.jpg 500w, http:\/\/tacheles-solingen.de\/wp-content\/uploads\/2017\/03\/66_seite-10.jpg 1200w\" sizes=\"(max-width: 584px) 100vw, 584px\" \/><br \/>\nDass Trump die englische Premierministerin May als ersten europ\u00e4ischen Politiker empf\u00e4ngt und den Brexit lobt, w\u00e4hrend ihm gleichzeitig die Rechten hoffieren zeigt, wie schwierig die Zeiten werden. Die Euro\u00adp\u00e4ische Union wird die schwerste Bew\u00e4hr\u00adungsprobe ihrer Geschichte \u00fcberstehen m\u00fcssen. Das kann sie aber nur, wenn sie offensiv wird. Das hei\u00dft ihre Werte; Einheit, Demo\u00adkratie, Soziale Gerechtigkeit und Meinungs\u00adfreiheit ihren Mitgliedsstaaten und B\u00fcrgern noch einmal deutlich ins Ged\u00e4chtnis ruft.<br \/>\nNur so kann sie einen US-Trampel und den nationalen Dummk\u00f6pfen entgegen wirken.<br \/>\nRussland und China reiben sich die H\u00e4nde. Mit \u201eAmerica first\u201c hat Trump ihnen in die Karten gespielt, und sie werden keine Skrupel haben dies auszunutzen. Das Transpazifische Freihandelsabkommen TPP war der Anfang, die Chinesen werden gern die L\u00fccke f\u00fcllen. Sowie sie ihm bestimmt auch Tipps geben k\u00f6nnen was seinen Mauerbau zu Mexiko angeht. Sinnlos, teuer und f\u00fcr sp\u00e4tere Gener\u00adationen vielleicht eine Touristenattraktion. Vielleicht soll sie in Wirklichkeit nur sein Monument f\u00fcr die Ewigkeit werden. Als Symbol f\u00fcr seine Amtszeit; sinnlos, teuer und eine Fehlspekulation die man von der Steuer absetzt.<br \/>\nOder sie verfolgt eh einen anderen Zweck, sie soll nicht die Mexikaner daran hindern in die USA zu kommen, sondern die US B\u00fcrger daran hintern sein gelobtes Land zu verlassen. Die Abschottung nach Kanada wird dann still und leise vollzogen. Dass Mauern niemanden aufhalten, kann er in der neueren deutschen Geschichte und hautnah von Frau Merkel erfahren. Vielleicht kommt es ja soweit, das US-Am\u00aderikaner demn\u00e4chst in Europa um Asyl nachsuchen.<br \/>\nDas einzig Berechenbare an Trump ist seine Unberechenbarkeit.<\/p>\n<p style=\"text-align: right;\"><em>Heinz M\u00e4hner<\/em><\/p>\n","protected":false},"excerpt":{"rendered":"<p>\u201eEs war ein Fehler, ich habe nicht richtig nachgedacht\u201c (Trump W\u00e4hler nach der Wahl) Mit der Wahl am 8. November 2016 haben sich die US-B\u00fcrger f\u00fcr einen Mann ihres Vertrauens ausgesprochen der sie schwer entt\u00e4uschen wird.<\/p>\n","protected":false},"author":1,"featured_media":0,"comment_status":"closed","ping_status":"open","sticky":false,"template":"","format":"standard","meta":[],"categories":[306],"tags":[312,22,88],"_links":{"self":[{"href":"http:\/\/tacheles-solingen.de\/index.php?rest_route=\/wp\/v2\/posts\/1068"}],"collection":[{"href":"http:\/\/tacheles-solingen.de\/index.php?rest_route=\/wp\/v2\/posts"}],"about":[{"href":"http:\/\/tacheles-solingen.de\/index.php?rest_route=\/wp\/v2\/types\/post"}],"author":[{"embeddable":true,"href":"http:\/\/tacheles-solingen.de\/index.php?rest_route=\/wp\/v2\/users\/1"}],"replies":[{"embeddable":true,"href":"http:\/\/tacheles-solingen.de\/index.php?rest_route=%2Fwp%2Fv2%2Fcomments&post=1068"}],"version-history":[{"count":3,"href":"http:\/\/tacheles-solingen.de\/index.php?rest_route=\/wp\/v2\/posts\/1068\/revisions"}],"predecessor-version":[{"id":1072,"href":"http:\/\/tacheles-solingen.de\/index.php?rest_route=\/wp\/v2\/posts\/1068\/revisions\/1072"}],"wp:attachment":[{"href":"http:\/\/tacheles-solingen.de\/index.php?rest_route=%2Fwp%2Fv2%2Fmedia&parent=1068"}],"wp:term":[{"taxonomy":"category","embeddable":true,"href":"http:\/\/tacheles-solingen.de\/index.php?rest_route=%2Fwp%2Fv2%2Fcategories&post=1068"},{"taxonomy":"post_tag","embeddable":true,"href":"http:\/\/tacheles-solingen.de\/index.php?rest_route=%2Fwp%2Fv2%2Ftags&post=1068"}],"curies":[{"name":"wp","href":"https:\/\/api.w.org\/{rel}","templated":true}]}}